{"id":3330,"date":"2023-03-28T12:25:20","date_gmt":"2023-03-28T10:25:20","guid":{"rendered":"https:\/\/stenola.be\/?p=3330"},"modified":"2023-03-28T12:27:17","modified_gmt":"2023-03-28T10:27:17","slug":"martha-at-the-bsff","status":"publish","type":"post","link":"https:\/\/stenola.be\/en\/news-en\/martha-at-the-bsff\/","title":{"rendered":"MARTHA at the BSFF"},"content":{"rendered":"\n<p>We are very pleased to announce that the short film MARTHA by L\u00e9o M\u00e9dard is selected in the National Competition of the 26th edition of the Brussels Short Film Festival ! The festival will take place from April 26th to May 6th 2023 \ud83d\ude03<\/p>\n\n\n\n<p>Thanks to all the team : Leo Medard, Camille Sansterre, Gabrielle Claeys, Son Doan, Pierre Jacquin, Violette Leblond, Julian Gomez, Philippe Blonda, Leny Andrieux, Joachim Th\u00f4me, Mathilde Dupont, Cl\u00e9mence Smile, Duc De Noo\u00e9, Eva Kuperman, Anton Iffland Stettner.<\/p>\n\n\n\n<p>A film produced by Stenola Productions, with RTBF, Taxshelter.be and the support of the Centre du Cin\u00e9ma et de l&#8217;Audiovisuel<\/p>\n<span class=\"et_bloom_bottom_trigger\"><\/span>","protected":false},"excerpt":{"rendered":"<p>We are very pleased to announce that the short film MARTHA by L\u00e9o M\u00e9dard is selected in the National Competition of the 26th edition of the Brussels Short Film Festival ! The festival will take place from April 26th to May 6th 2023 \ud83d\ude03 Thanks to all the team : Leo Medard, Camille Sansterre, Gabrielle [&hellip;]<\/p>\n","protected":false},"author":3,"featured_media":3329,"comment_status":"open","ping_status":"open","sticky":false,"template":"","format":"standard","meta":{"_et_pb_use_builder":"","_et_pb_old_content":"","_et_gb_content_width":"","footnotes":""},"categories":[66],"tags":[],"class_list":["post-3330","post","type-post","status-publish","format-standard","has-post-thumbnail","hentry","category-news-en"],"_links":{"self":[{"href":"https:\/\/stenola.be\/en\/wp-json\/wp\/v2\/posts\/3330","targetHints":{"allow":["GET"]}}],"collection":[{"href":"https:\/\/stenola.be\/en\/wp-json\/wp\/v2\/posts"}],"about":[{"href":"https:\/\/stenola.be\/en\/wp-json\/wp\/v2\/types\/post"}],"author":[{"embeddable":true,"href":"https:\/\/stenola.be\/en\/wp-json\/wp\/v2\/users\/3"}],"replies":[{"embeddable":true,"href":"https:\/\/stenola.be\/en\/wp-json\/wp\/v2\/comments?post=3330"}],"version-history":[{"count":1,"href":"https:\/\/stenola.be\/en\/wp-json\/wp\/v2\/posts\/3330\/revisions"}],"predecessor-version":[{"id":3331,"href":"https:\/\/stenola.be\/en\/wp-json\/wp\/v2\/posts\/3330\/revisions\/3331"}],"wp:featuredmedia":[{"embeddable":true,"href":"https:\/\/stenola.be\/en\/wp-json\/wp\/v2\/media\/3329"}],"wp:attachment":[{"href":"https:\/\/stenola.be\/en\/wp-json\/wp\/v2\/media?parent=3330"}],"wp:term":[{"taxonomy":"category","embeddable":true,"href":"https:\/\/stenola.be\/en\/wp-json\/wp\/v2\/categories?post=3330"},{"taxonomy":"post_tag","embeddable":true,"href":"https:\/\/stenola.be\/en\/wp-json\/wp\/v2\/tags?post=3330"}],"curies":[{"name":"wp","href":"https:\/\/api.w.org\/{rel}","templated":true}]}}